{"id":317,"date":"2024-11-22T14:55:33","date_gmt":"2024-11-22T20:55:33","guid":{"rendered":"https:\/\/museocr.org\/galeria-nacional\/?p=317"},"modified":"2024-11-22T14:55:33","modified_gmt":"2024-11-22T20:55:33","slug":"andromeda","status":"publish","type":"post","link":"https:\/\/museocr.org\/galeria-nacional\/andromeda\/","title":{"rendered":"Andr\u00f3meda"},"content":{"rendered":"\n<p>La obra reciente de Ileana Piszk aborda el paisaje como un evento, algo que sucede en el lienzo y no la representaci\u00f3n de un lugar determinado. Hay un af\u00e1n de interrogar a la materia en el acto de pintar, una po\u00e9tica experimental.<\/p>\n\n\n\n<p><\/p>\n","protected":false},"excerpt":{"rendered":"<p>La obra reciente de Ileana Piszk aborda el paisaje como un evento, algo que sucede en el lienzo y no la representaci\u00f3n de un lugar determinado. Hay un af\u00e1n de interrogar a la materia en el acto de pintar, una po\u00e9tica experimental.<\/p>\n","protected":false},"author":1,"featured_media":318,"comment_status":"open","ping_status":"open","sticky":false,"template":"","format":"standard","meta":{"_acf_changed":false,"footnotes":""},"categories":[1],"tags":[],"class_list":["post-317","post","type-post","status-publish","format-standard","has-post-thumbnail","hentry","category-sin-categoria"],"acf":[],"yoast_head":"<!-- This site is optimized with the Yoast SEO plugin v27.5 - https:\/\/yoast.com\/product\/yoast-seo-wordpress\/ -->\n<title>Andr\u00f3meda - Galer\u00eda Nacional<\/title>\n<meta name=\"robots\" content=\"index, follow, max-snippet:-1, max-image-preview:large, max-video-preview:-1\" \/>\n<link rel=\"canonical\" href=\"https:\/\/museocr.org\/galeria-nacional\/andromeda\/\" \/>\n<meta property=\"og:locale\" content=\"es_ES\" \/>\n<meta property=\"og:type\" content=\"article\" \/>\n<meta property=\"og:title\" content=\"Andr\u00f3meda - Galer\u00eda Nacional\" \/>\n<meta property=\"og:description\" content=\"La obra reciente de Ileana Piszk aborda el paisaje como un evento, algo que sucede en el lienzo y no la representaci\u00f3n de un lugar determinado. Hay un af\u00e1n de interrogar a la materia en el acto de pintar, una po\u00e9tica experimental.\" \/>\n<meta property=\"og:url\" content=\"https:\/\/museocr.org\/galeria-nacional\/andromeda\/\" \/>\n<meta property=\"og:site_name\" content=\"Galer\u00eda Nacional\" \/>\n<meta property=\"article:published_time\" content=\"2024-11-22T20:55:33+00:00\" \/>\n<meta property=\"og:image\" content=\"https:\/\/museocr.org\/galeria-nacional\/wp-content\/uploads\/sites\/4\/2024\/11\/Andromeda.jpg\" \/>\n\t<meta property=\"og:image:width\" content=\"526\" \/>\n\t<meta property=\"og:image:height\" content=\"526\" \/>\n\t<meta property=\"og:image:type\" content=\"image\/jpeg\" \/>\n<meta name=\"author\" content=\"webmaster\" \/>\n<meta name=\"twitter:card\" content=\"summary_large_image\" \/>\n<meta name=\"twitter:label1\" content=\"Written by\" \/>\n\t<meta name=\"twitter:data1\" content=\"webmaster\" \/>\n\t<meta name=\"twitter:label2\" content=\"Est. reading time\" \/>\n\t<meta name=\"twitter:data2\" content=\"1 minuto\" \/>\n<script type=\"application\/ld+json\" class=\"yoast-schema-graph\">{\"@context\":\"https:\\\/\\\/schema.org\",\"@graph\":[{\"@type\":\"Article\",\"@id\":\"https:\\\/\\\/museocr.org\\\/galeria-nacional\\\/andromeda\\\/#article\",\"isPartOf\":{\"@id\":\"https:\\\/\\\/museocr.org\\\/galeria-nacional\\\/andromeda\\\/\"},\"author\":{\"name\":\"webmaster\",\"@id\":\"https:\\\/\\\/museocr.org\\\/galeria-nacional\\\/#\\\/schema\\\/person\\\/97e629af7137f301dc5c8742c1f7fc67\"},\"headline\":\"Andr\u00f3meda\",\"datePublished\":\"2024-11-22T20:55:33+00:00\",\"mainEntityOfPage\":{\"@id\":\"https:\\\/\\\/museocr.org\\\/galeria-nacional\\\/andromeda\\\/\"},\"wordCount\":47,\"commentCount\":0,\"image\":{\"@id\":\"https:\\\/\\\/museocr.org\\\/galeria-nacional\\\/andromeda\\\/#primaryimage\"},\"thumbnailUrl\":\"https:\\\/\\\/museocr.org\\\/galeria-nacional\\\/wp-content\\\/uploads\\\/sites\\\/4\\\/2024\\\/11\\\/Andromeda.jpg\",\"inLanguage\":\"es-CR\",\"potentialAction\":[{\"@type\":\"CommentAction\",\"name\":\"Comment\",\"target\":[\"https:\\\/\\\/museocr.org\\\/galeria-nacional\\\/andromeda\\\/#respond\"]}]},{\"@type\":\"WebPage\",\"@id\":\"https:\\\/\\\/museocr.org\\\/galeria-nacional\\\/andromeda\\\/\",\"url\":\"https:\\\/\\\/museocr.org\\\/galeria-nacional\\\/andromeda\\\/\",\"name\":\"Andr\u00f3meda - Galer\u00eda Nacional\",\"isPartOf\":{\"@id\":\"https:\\\/\\\/museocr.org\\\/galeria-nacional\\\/#website\"},\"primaryImageOfPage\":{\"@id\":\"https:\\\/\\\/museocr.org\\\/galeria-nacional\\\/andromeda\\\/#primaryimage\"},\"image\":{\"@id\":\"https:\\\/\\\/museocr.org\\\/galeria-nacional\\\/andromeda\\\/#primaryimage\"},\"thumbnailUrl\":\"https:\\\/\\\/museocr.org\\\/galeria-nacional\\\/wp-content\\\/uploads\\\/sites\\\/4\\\/2024\\\/11\\\/Andromeda.jpg\",\"datePublished\":\"2024-11-22T20:55:33+00:00\",\"author\":{\"@id\":\"https:\\\/\\\/museocr.org\\\/galeria-nacional\\\/#\\\/schema\\\/person\\\/97e629af7137f301dc5c8742c1f7fc67\"},\"breadcrumb\":{\"@id\":\"https:\\\/\\\/museocr.org\\\/galeria-nacional\\\/andromeda\\\/#breadcrumb\"},\"inLanguage\":\"es-CR\",\"potentialAction\":[{\"@type\":\"ReadAction\",\"target\":[\"https:\\\/\\\/museocr.org\\\/galeria-nacional\\\/andromeda\\\/\"]}]},{\"@type\":\"ImageObject\",\"inLanguage\":\"es-CR\",\"@id\":\"https:\\\/\\\/museocr.org\\\/galeria-nacional\\\/andromeda\\\/#primaryimage\",\"url\":\"https:\\\/\\\/museocr.org\\\/galeria-nacional\\\/wp-content\\\/uploads\\\/sites\\\/4\\\/2024\\\/11\\\/Andromeda.jpg\",\"contentUrl\":\"https:\\\/\\\/museocr.org\\\/galeria-nacional\\\/wp-content\\\/uploads\\\/sites\\\/4\\\/2024\\\/11\\\/Andromeda.jpg\",\"width\":526,\"height\":526},{\"@type\":\"BreadcrumbList\",\"@id\":\"https:\\\/\\\/museocr.org\\\/galeria-nacional\\\/andromeda\\\/#breadcrumb\",\"itemListElement\":[{\"@type\":\"ListItem\",\"position\":1,\"name\":\"Portada\",\"item\":\"https:\\\/\\\/museocr.org\\\/galeria-nacional\\\/\"},{\"@type\":\"ListItem\",\"position\":2,\"name\":\"Andr\u00f3meda\"}]},{\"@type\":\"WebSite\",\"@id\":\"https:\\\/\\\/museocr.org\\\/galeria-nacional\\\/#website\",\"url\":\"https:\\\/\\\/museocr.org\\\/galeria-nacional\\\/\",\"name\":\"Galer\u00eda Nacional\",\"description\":\"\",\"potentialAction\":[{\"@type\":\"SearchAction\",\"target\":{\"@type\":\"EntryPoint\",\"urlTemplate\":\"https:\\\/\\\/museocr.org\\\/galeria-nacional\\\/?s={search_term_string}\"},\"query-input\":{\"@type\":\"PropertyValueSpecification\",\"valueRequired\":true,\"valueName\":\"search_term_string\"}}],\"inLanguage\":\"es-CR\"},{\"@type\":\"Person\",\"@id\":\"https:\\\/\\\/museocr.org\\\/galeria-nacional\\\/#\\\/schema\\\/person\\\/97e629af7137f301dc5c8742c1f7fc67\",\"name\":\"webmaster\",\"image\":{\"@type\":\"ImageObject\",\"inLanguage\":\"es-CR\",\"@id\":\"https:\\\/\\\/secure.gravatar.com\\\/avatar\\\/ef0d9d92570d9a54ed4bc236bd2b218d6f7e2971edc9ac1e8f6343f3b98ac5c0?s=96&d=mm&r=g\",\"url\":\"https:\\\/\\\/secure.gravatar.com\\\/avatar\\\/ef0d9d92570d9a54ed4bc236bd2b218d6f7e2971edc9ac1e8f6343f3b98ac5c0?s=96&d=mm&r=g\",\"contentUrl\":\"https:\\\/\\\/secure.gravatar.com\\\/avatar\\\/ef0d9d92570d9a54ed4bc236bd2b218d6f7e2971edc9ac1e8f6343f3b98ac5c0?s=96&d=mm&r=g\",\"caption\":\"webmaster\"},\"url\":\"https:\\\/\\\/museocr.org\\\/galeria-nacional\\\/author\\\/webmaster\\\/\"}]}<\/script>\n<!-- \/ Yoast SEO plugin. -->","yoast_head_json":{"title":"Andr\u00f3meda - Galer\u00eda Nacional","robots":{"index":"index","follow":"follow","max-snippet":"max-snippet:-1","max-image-preview":"max-image-preview:large","max-video-preview":"max-video-preview:-1"},"canonical":"https:\/\/museocr.org\/galeria-nacional\/andromeda\/","og_locale":"es_ES","og_type":"article","og_title":"Andr\u00f3meda - Galer\u00eda Nacional","og_description":"La obra reciente de Ileana Piszk aborda el paisaje como un evento, algo que sucede en el lienzo y no la representaci\u00f3n de un lugar determinado. Hay un af\u00e1n de interrogar a la materia en el acto de pintar, una po\u00e9tica experimental.","og_url":"https:\/\/museocr.org\/galeria-nacional\/andromeda\/","og_site_name":"Galer\u00eda Nacional","article_published_time":"2024-11-22T20:55:33+00:00","og_image":[{"width":526,"height":526,"url":"https:\/\/museocr.org\/galeria-nacional\/wp-content\/uploads\/sites\/4\/2024\/11\/Andromeda.jpg","type":"image\/jpeg"}],"author":"webmaster","twitter_card":"summary_large_image","twitter_misc":{"Written by":"webmaster","Est. reading time":"1 minuto"},"schema":{"@context":"https:\/\/schema.org","@graph":[{"@type":"Article","@id":"https:\/\/museocr.org\/galeria-nacional\/andromeda\/#article","isPartOf":{"@id":"https:\/\/museocr.org\/galeria-nacional\/andromeda\/"},"author":{"name":"webmaster","@id":"https:\/\/museocr.org\/galeria-nacional\/#\/schema\/person\/97e629af7137f301dc5c8742c1f7fc67"},"headline":"Andr\u00f3meda","datePublished":"2024-11-22T20:55:33+00:00","mainEntityOfPage":{"@id":"https:\/\/museocr.org\/galeria-nacional\/andromeda\/"},"wordCount":47,"commentCount":0,"image":{"@id":"https:\/\/museocr.org\/galeria-nacional\/andromeda\/#primaryimage"},"thumbnailUrl":"https:\/\/museocr.org\/galeria-nacional\/wp-content\/uploads\/sites\/4\/2024\/11\/Andromeda.jpg","inLanguage":"es-CR","potentialAction":[{"@type":"CommentAction","name":"Comment","target":["https:\/\/museocr.org\/galeria-nacional\/andromeda\/#respond"]}]},{"@type":"WebPage","@id":"https:\/\/museocr.org\/galeria-nacional\/andromeda\/","url":"https:\/\/museocr.org\/galeria-nacional\/andromeda\/","name":"Andr\u00f3meda - Galer\u00eda Nacional","isPartOf":{"@id":"https:\/\/museocr.org\/galeria-nacional\/#website"},"primaryImageOfPage":{"@id":"https:\/\/museocr.org\/galeria-nacional\/andromeda\/#primaryimage"},"image":{"@id":"https:\/\/museocr.org\/galeria-nacional\/andromeda\/#primaryimage"},"thumbnailUrl":"https:\/\/museocr.org\/galeria-nacional\/wp-content\/uploads\/sites\/4\/2024\/11\/Andromeda.jpg","datePublished":"2024-11-22T20:55:33+00:00","author":{"@id":"https:\/\/museocr.org\/galeria-nacional\/#\/schema\/person\/97e629af7137f301dc5c8742c1f7fc67"},"breadcrumb":{"@id":"https:\/\/museocr.org\/galeria-nacional\/andromeda\/#breadcrumb"},"inLanguage":"es-CR","potentialAction":[{"@type":"ReadAction","target":["https:\/\/museocr.org\/galeria-nacional\/andromeda\/"]}]},{"@type":"ImageObject","inLanguage":"es-CR","@id":"https:\/\/museocr.org\/galeria-nacional\/andromeda\/#primaryimage","url":"https:\/\/museocr.org\/galeria-nacional\/wp-content\/uploads\/sites\/4\/2024\/11\/Andromeda.jpg","contentUrl":"https:\/\/museocr.org\/galeria-nacional\/wp-content\/uploads\/sites\/4\/2024\/11\/Andromeda.jpg","width":526,"height":526},{"@type":"BreadcrumbList","@id":"https:\/\/museocr.org\/galeria-nacional\/andromeda\/#breadcrumb","itemListElement":[{"@type":"ListItem","position":1,"name":"Portada","item":"https:\/\/museocr.org\/galeria-nacional\/"},{"@type":"ListItem","position":2,"name":"Andr\u00f3meda"}]},{"@type":"WebSite","@id":"https:\/\/museocr.org\/galeria-nacional\/#website","url":"https:\/\/museocr.org\/galeria-nacional\/","name":"Galer\u00eda Nacional","description":"","potentialAction":[{"@type":"SearchAction","target":{"@type":"EntryPoint","urlTemplate":"https:\/\/museocr.org\/galeria-nacional\/?s={search_term_string}"},"query-input":{"@type":"PropertyValueSpecification","valueRequired":true,"valueName":"search_term_string"}}],"inLanguage":"es-CR"},{"@type":"Person","@id":"https:\/\/museocr.org\/galeria-nacional\/#\/schema\/person\/97e629af7137f301dc5c8742c1f7fc67","name":"webmaster","image":{"@type":"ImageObject","inLanguage":"es-CR","@id":"https:\/\/secure.gravatar.com\/avatar\/ef0d9d92570d9a54ed4bc236bd2b218d6f7e2971edc9ac1e8f6343f3b98ac5c0?s=96&d=mm&r=g","url":"https:\/\/secure.gravatar.com\/avatar\/ef0d9d92570d9a54ed4bc236bd2b218d6f7e2971edc9ac1e8f6343f3b98ac5c0?s=96&d=mm&r=g","contentUrl":"https:\/\/secure.gravatar.com\/avatar\/ef0d9d92570d9a54ed4bc236bd2b218d6f7e2971edc9ac1e8f6343f3b98ac5c0?s=96&d=mm&r=g","caption":"webmaster"},"url":"https:\/\/museocr.org\/galeria-nacional\/author\/webmaster\/"}]}},"_links":{"self":[{"href":"https:\/\/museocr.org\/galeria-nacional\/wp-json\/wp\/v2\/posts\/317","targetHints":{"allow":["GET"]}}],"collection":[{"href":"https:\/\/museocr.org\/galeria-nacional\/wp-json\/wp\/v2\/posts"}],"about":[{"href":"https:\/\/museocr.org\/galeria-nacional\/wp-json\/wp\/v2\/types\/post"}],"author":[{"embeddable":true,"href":"https:\/\/museocr.org\/galeria-nacional\/wp-json\/wp\/v2\/users\/1"}],"replies":[{"embeddable":true,"href":"https:\/\/museocr.org\/galeria-nacional\/wp-json\/wp\/v2\/comments?post=317"}],"version-history":[{"count":2,"href":"https:\/\/museocr.org\/galeria-nacional\/wp-json\/wp\/v2\/posts\/317\/revisions"}],"predecessor-version":[{"id":320,"href":"https:\/\/museocr.org\/galeria-nacional\/wp-json\/wp\/v2\/posts\/317\/revisions\/320"}],"wp:featuredmedia":[{"embeddable":true,"href":"https:\/\/museocr.org\/galeria-nacional\/wp-json\/wp\/v2\/media\/318"}],"wp:attachment":[{"href":"https:\/\/museocr.org\/galeria-nacional\/wp-json\/wp\/v2\/media?parent=317"}],"wp:term":[{"taxonomy":"category","embeddable":true,"href":"https:\/\/museocr.org\/galeria-nacional\/wp-json\/wp\/v2\/categories?post=317"},{"taxonomy":"post_tag","embeddable":true,"href":"https:\/\/museocr.org\/galeria-nacional\/wp-json\/wp\/v2\/tags?post=317"}],"curies":[{"name":"wp","href":"https:\/\/api.w.org\/{rel}","templated":true}]}}