{"id":5098,"date":"2026-04-29T11:13:29","date_gmt":"2026-04-29T17:13:29","guid":{"rendered":"https:\/\/museocr.org\/ninos\/?p=5098"},"modified":"2026-04-29T11:16:20","modified_gmt":"2026-04-29T17:16:20","slug":"comunicadooficial_1mayo2026","status":"publish","type":"post","link":"https:\/\/museocr.org\/ninos\/comunicadooficial_1mayo2026\/","title":{"rendered":"Comunicado Oficial"},"content":{"rendered":"\n<p class=\"has-text-align-right\"><\/p>\n\n\n<figure class=\"wp-block-post-featured-image\"><img fetchpriority=\"high\" decoding=\"async\" width=\"1920\" height=\"750\" src=\"https:\/\/museocr.org\/ninos\/wp-content\/uploads\/sites\/2\/2026\/04\/PANTALLA-WEB-1-DE-MAYO.png\" class=\"attachment-post-thumbnail size-post-thumbnail wp-post-image\" alt=\"\" style=\"object-fit:cover;\" srcset=\"https:\/\/museocr.org\/ninos\/wp-content\/uploads\/sites\/2\/2026\/04\/PANTALLA-WEB-1-DE-MAYO.png 1920w, https:\/\/museocr.org\/ninos\/wp-content\/uploads\/sites\/2\/2026\/04\/PANTALLA-WEB-1-DE-MAYO-300x117.png 300w, https:\/\/museocr.org\/ninos\/wp-content\/uploads\/sites\/2\/2026\/04\/PANTALLA-WEB-1-DE-MAYO-1024x400.png 1024w, https:\/\/museocr.org\/ninos\/wp-content\/uploads\/sites\/2\/2026\/04\/PANTALLA-WEB-1-DE-MAYO-768x300.png 768w, https:\/\/museocr.org\/ninos\/wp-content\/uploads\/sites\/2\/2026\/04\/PANTALLA-WEB-1-DE-MAYO-1536x600.png 1536w\" sizes=\"(max-width: 1920px) 100vw, 1920px\" \/><\/figure>\n\n\n<div style=\"height:55px\" aria-hidden=\"true\" class=\"wp-block-spacer\"><\/div>\n\n\n\n<p>Como parte de la conmemoraci\u00f3n del <strong>viernes 1 de mayo, D\u00eda del Trabajador<\/strong>, se informa que el <strong>Museo de los Ni\u00f1os<\/strong>, as\u00ed como los dem\u00e1s proyectos que conforman el <strong>Centro Costarricense de Ciencia y Cultura<\/strong>, permanecer\u00e1n <strong>cerrados al p\u00fablico<\/strong>.<\/p>\n\n\n\n<p>Agradecemos su comprensi\u00f3n y les invitamos a visitarnos nuevamente en nuestro horario habitual a partir del s\u00e1bado 2 de mayo.<\/p>\n\n\n\n<p><\/p>\n","protected":false},"excerpt":{"rendered":"<p>Como parte de la conmemoraci\u00f3n del viernes 1 de mayo, D\u00eda del Trabajador, se informa que el Museo de los Ni\u00f1os, as\u00ed como los dem\u00e1s proyectos que conforman el Centro Costarricense de Ciencia y Cultura, permanecer\u00e1n cerrados al p\u00fablico. Agradecemos su comprensi\u00f3n y les invitamos a visitarnos nuevamente en nuestro horario habitual a partir del [&hellip;]<\/p>\n","protected":false},"author":9,"featured_media":5099,"comment_status":"open","ping_status":"open","sticky":false,"template":"","format":"standard","meta":{"_acf_changed":false,"footnotes":""},"categories":[17,16,4,1],"tags":[173,194,193,21],"class_list":["post-5098","post","type-post","status-publish","format-standard","has-post-thumbnail","hentry","category-comunidad","category-cultura","category-eventos","category-noticias-del-museo","tag-173","tag-32aniversario","tag-aniversario","tag-museodelosninos"],"acf":[],"yoast_head":"<!-- This site is optimized with the Yoast SEO plugin v27.5 - https:\/\/yoast.com\/product\/yoast-seo-wordpress\/ -->\n<title>Comunicado Oficial - Museo de los Ni\u00f1os<\/title>\n<meta name=\"description\" content=\"Contar\u00e1 con m\u00e1s de 12 stands con editoriales, librer\u00edas y proyectos de fomento de lectura, as\u00ed como exposici\u00f3n de ilustraci\u00f3n editorial y el Pabell\u00f3n del C\u00f3mic. Un evento gratuito para toda la familia que promueve la lectura y el arte.\" \/>\n<meta name=\"robots\" content=\"index, follow, max-snippet:-1, max-image-preview:large, max-video-preview:-1\" \/>\n<link rel=\"canonical\" href=\"https:\/\/museocr.org\/ninos\/comunicadooficial_1mayo2026\/\" \/>\n<meta property=\"og:locale\" content=\"es_ES\" \/>\n<meta property=\"og:type\" content=\"article\" \/>\n<meta property=\"og:title\" content=\"Comunicado Oficial - Museo de los Ni\u00f1os\" \/>\n<meta property=\"og:description\" content=\"Contar\u00e1 con m\u00e1s de 12 stands con editoriales, librer\u00edas y proyectos de fomento de lectura, as\u00ed como exposici\u00f3n de ilustraci\u00f3n editorial y el Pabell\u00f3n del C\u00f3mic. Un evento gratuito para toda la familia que promueve la lectura y el arte.\" \/>\n<meta property=\"og:url\" content=\"https:\/\/museocr.org\/ninos\/comunicadooficial_1mayo2026\/\" \/>\n<meta property=\"og:site_name\" content=\"Museo de los Ni\u00f1os\" \/>\n<meta property=\"article:publisher\" content=\"https:\/\/www.facebook.com\/museodelosninoscr\" \/>\n<meta property=\"article:published_time\" content=\"2026-04-29T17:13:29+00:00\" \/>\n<meta property=\"article:modified_time\" content=\"2026-04-29T17:16:20+00:00\" \/>\n<meta property=\"og:image\" content=\"https:\/\/museocr.org\/ninos\/wp-content\/uploads\/sites\/2\/2026\/04\/PANTALLA-WEB-1-DE-MAYO.png\" \/>\n\t<meta property=\"og:image:width\" content=\"1920\" \/>\n\t<meta property=\"og:image:height\" content=\"750\" \/>\n\t<meta property=\"og:image:type\" content=\"image\/png\" \/>\n<meta name=\"author\" content=\"Juan Miguel S\u00e1nchez\" \/>\n<meta name=\"twitter:card\" content=\"summary_large_image\" \/>\n<meta name=\"twitter:label1\" content=\"Escrito por\" \/>\n\t<meta name=\"twitter:data1\" content=\"Juan Miguel S\u00e1nchez\" \/>\n\t<meta name=\"twitter:label2\" content=\"Tiempo de lectura\" \/>\n\t<meta name=\"twitter:data2\" content=\"1 minuto\" \/>\n<script type=\"application\/ld+json\" class=\"yoast-schema-graph\">{\"@context\":\"https:\\\/\\\/schema.org\",\"@graph\":[{\"@type\":\"Article\",\"@id\":\"https:\\\/\\\/museocr.org\\\/ninos\\\/comunicadooficial_1mayo2026\\\/#article\",\"isPartOf\":{\"@id\":\"https:\\\/\\\/museocr.org\\\/ninos\\\/comunicadooficial_1mayo2026\\\/\"},\"author\":{\"name\":\"Juan Miguel S\u00e1nchez\",\"@id\":\"https:\\\/\\\/museocr.org\\\/ninos\\\/#\\\/schema\\\/person\\\/f7fcda20e3518249fe159f6576243b2a\"},\"headline\":\"Comunicado Oficial\",\"datePublished\":\"2026-04-29T17:13:29+00:00\",\"dateModified\":\"2026-04-29T17:16:20+00:00\",\"mainEntityOfPage\":{\"@id\":\"https:\\\/\\\/museocr.org\\\/ninos\\\/comunicadooficial_1mayo2026\\\/\"},\"wordCount\":67,\"commentCount\":0,\"publisher\":{\"@id\":\"https:\\\/\\\/museocr.org\\\/ninos\\\/#organization\"},\"image\":{\"@id\":\"https:\\\/\\\/museocr.org\\\/ninos\\\/comunicadooficial_1mayo2026\\\/#primaryimage\"},\"thumbnailUrl\":\"https:\\\/\\\/museocr.org\\\/ninos\\\/wp-content\\\/uploads\\\/sites\\\/2\\\/2026\\\/04\\\/PANTALLA-WEB-1-DE-MAYO.png\",\"keywords\":[\"2026\",\"32Aniversario\",\"Aniversario\",\"MuseodelosNi\u00f1os\"],\"articleSection\":[\"Comunidad\",\"Cultura\",\"Eventos\",\"Noticias del Museo\"],\"inLanguage\":\"es\",\"potentialAction\":[{\"@type\":\"CommentAction\",\"name\":\"Comment\",\"target\":[\"https:\\\/\\\/museocr.org\\\/ninos\\\/comunicadooficial_1mayo2026\\\/#respond\"]}]},{\"@type\":\"WebPage\",\"@id\":\"https:\\\/\\\/museocr.org\\\/ninos\\\/comunicadooficial_1mayo2026\\\/\",\"url\":\"https:\\\/\\\/museocr.org\\\/ninos\\\/comunicadooficial_1mayo2026\\\/\",\"name\":\"Comunicado Oficial - Museo de los Ni\u00f1os\",\"isPartOf\":{\"@id\":\"https:\\\/\\\/museocr.org\\\/ninos\\\/#website\"},\"primaryImageOfPage\":{\"@id\":\"https:\\\/\\\/museocr.org\\\/ninos\\\/comunicadooficial_1mayo2026\\\/#primaryimage\"},\"image\":{\"@id\":\"https:\\\/\\\/museocr.org\\\/ninos\\\/comunicadooficial_1mayo2026\\\/#primaryimage\"},\"thumbnailUrl\":\"https:\\\/\\\/museocr.org\\\/ninos\\\/wp-content\\\/uploads\\\/sites\\\/2\\\/2026\\\/04\\\/PANTALLA-WEB-1-DE-MAYO.png\",\"datePublished\":\"2026-04-29T17:13:29+00:00\",\"dateModified\":\"2026-04-29T17:16:20+00:00\",\"description\":\"Contar\u00e1 con m\u00e1s de 12 stands con editoriales, librer\u00edas y proyectos de fomento de lectura, as\u00ed como exposici\u00f3n de ilustraci\u00f3n editorial y el Pabell\u00f3n del C\u00f3mic. Un evento gratuito para toda la familia que promueve la lectura y el arte.\",\"inLanguage\":\"es\",\"potentialAction\":[{\"@type\":\"ReadAction\",\"target\":[\"https:\\\/\\\/museocr.org\\\/ninos\\\/comunicadooficial_1mayo2026\\\/\"]}]},{\"@type\":\"ImageObject\",\"inLanguage\":\"es\",\"@id\":\"https:\\\/\\\/museocr.org\\\/ninos\\\/comunicadooficial_1mayo2026\\\/#primaryimage\",\"url\":\"https:\\\/\\\/museocr.org\\\/ninos\\\/wp-content\\\/uploads\\\/sites\\\/2\\\/2026\\\/04\\\/PANTALLA-WEB-1-DE-MAYO.png\",\"contentUrl\":\"https:\\\/\\\/museocr.org\\\/ninos\\\/wp-content\\\/uploads\\\/sites\\\/2\\\/2026\\\/04\\\/PANTALLA-WEB-1-DE-MAYO.png\",\"width\":1920,\"height\":750},{\"@type\":\"WebSite\",\"@id\":\"https:\\\/\\\/museocr.org\\\/ninos\\\/#website\",\"url\":\"https:\\\/\\\/museocr.org\\\/ninos\\\/\",\"name\":\"Museo de los Ni\u00f1os\",\"description\":\"Instituci\u00f3n Benem\u00e9rita de Costa Rica\",\"publisher\":{\"@id\":\"https:\\\/\\\/museocr.org\\\/ninos\\\/#organization\"},\"potentialAction\":[{\"@type\":\"SearchAction\",\"target\":{\"@type\":\"EntryPoint\",\"urlTemplate\":\"https:\\\/\\\/museocr.org\\\/ninos\\\/?s={search_term_string}\"},\"query-input\":{\"@type\":\"PropertyValueSpecification\",\"valueRequired\":true,\"valueName\":\"search_term_string\"}}],\"inLanguage\":\"es\"},{\"@type\":\"Organization\",\"@id\":\"https:\\\/\\\/museocr.org\\\/ninos\\\/#organization\",\"name\":\"Museo de los Ni\u00f1os\",\"url\":\"https:\\\/\\\/museocr.org\\\/ninos\\\/\",\"logo\":{\"@type\":\"ImageObject\",\"inLanguage\":\"es\",\"@id\":\"https:\\\/\\\/museocr.org\\\/ninos\\\/#\\\/schema\\\/logo\\\/image\\\/\",\"url\":\"https:\\\/\\\/museocr.org\\\/ninos\\\/wp-content\\\/uploads\\\/sites\\\/2\\\/2021\\\/05\\\/Menu-Global.svg\",\"contentUrl\":\"https:\\\/\\\/museocr.org\\\/ninos\\\/wp-content\\\/uploads\\\/sites\\\/2\\\/2021\\\/05\\\/Menu-Global.svg\",\"width\":192,\"height\":104,\"caption\":\"Museo de los Ni\u00f1os\"},\"image\":{\"@id\":\"https:\\\/\\\/museocr.org\\\/ninos\\\/#\\\/schema\\\/logo\\\/image\\\/\"},\"sameAs\":[\"https:\\\/\\\/www.facebook.com\\\/museodelosninoscr\",\"https:\\\/\\\/www.instagram.com\\\/museodelosninoscr\\\/\"]},{\"@type\":\"Person\",\"@id\":\"https:\\\/\\\/museocr.org\\\/ninos\\\/#\\\/schema\\\/person\\\/f7fcda20e3518249fe159f6576243b2a\",\"name\":\"Juan Miguel S\u00e1nchez\",\"image\":{\"@type\":\"ImageObject\",\"inLanguage\":\"es\",\"@id\":\"https:\\\/\\\/secure.gravatar.com\\\/avatar\\\/6eaca8129b1dcb5d2ca52261f45b0c25569a09a545aad59b20843e0db1abc476?s=96&d=mm&r=g\",\"url\":\"https:\\\/\\\/secure.gravatar.com\\\/avatar\\\/6eaca8129b1dcb5d2ca52261f45b0c25569a09a545aad59b20843e0db1abc476?s=96&d=mm&r=g\",\"contentUrl\":\"https:\\\/\\\/secure.gravatar.com\\\/avatar\\\/6eaca8129b1dcb5d2ca52261f45b0c25569a09a545aad59b20843e0db1abc476?s=96&d=mm&r=g\",\"caption\":\"Juan Miguel S\u00e1nchez\"},\"url\":\"https:\\\/\\\/museocr.org\\\/ninos\\\/author\\\/jsanchez\\\/\"}]}<\/script>\n<!-- \/ Yoast SEO plugin. -->","yoast_head_json":{"title":"Comunicado Oficial - Museo de los Ni\u00f1os","description":"Contar\u00e1 con m\u00e1s de 12 stands con editoriales, librer\u00edas y proyectos de fomento de lectura, as\u00ed como exposici\u00f3n de ilustraci\u00f3n editorial y el Pabell\u00f3n del C\u00f3mic. Un evento gratuito para toda la familia que promueve la lectura y el arte.","robots":{"index":"index","follow":"follow","max-snippet":"max-snippet:-1","max-image-preview":"max-image-preview:large","max-video-preview":"max-video-preview:-1"},"canonical":"https:\/\/museocr.org\/ninos\/comunicadooficial_1mayo2026\/","og_locale":"es_ES","og_type":"article","og_title":"Comunicado Oficial - Museo de los Ni\u00f1os","og_description":"Contar\u00e1 con m\u00e1s de 12 stands con editoriales, librer\u00edas y proyectos de fomento de lectura, as\u00ed como exposici\u00f3n de ilustraci\u00f3n editorial y el Pabell\u00f3n del C\u00f3mic. Un evento gratuito para toda la familia que promueve la lectura y el arte.","og_url":"https:\/\/museocr.org\/ninos\/comunicadooficial_1mayo2026\/","og_site_name":"Museo de los Ni\u00f1os","article_publisher":"https:\/\/www.facebook.com\/museodelosninoscr","article_published_time":"2026-04-29T17:13:29+00:00","article_modified_time":"2026-04-29T17:16:20+00:00","og_image":[{"width":1920,"height":750,"url":"https:\/\/museocr.org\/ninos\/wp-content\/uploads\/sites\/2\/2026\/04\/PANTALLA-WEB-1-DE-MAYO.png","type":"image\/png"}],"author":"Juan Miguel S\u00e1nchez","twitter_card":"summary_large_image","twitter_misc":{"Escrito por":"Juan Miguel S\u00e1nchez","Tiempo de lectura":"1 minuto"},"schema":{"@context":"https:\/\/schema.org","@graph":[{"@type":"Article","@id":"https:\/\/museocr.org\/ninos\/comunicadooficial_1mayo2026\/#article","isPartOf":{"@id":"https:\/\/museocr.org\/ninos\/comunicadooficial_1mayo2026\/"},"author":{"name":"Juan Miguel S\u00e1nchez","@id":"https:\/\/museocr.org\/ninos\/#\/schema\/person\/f7fcda20e3518249fe159f6576243b2a"},"headline":"Comunicado Oficial","datePublished":"2026-04-29T17:13:29+00:00","dateModified":"2026-04-29T17:16:20+00:00","mainEntityOfPage":{"@id":"https:\/\/museocr.org\/ninos\/comunicadooficial_1mayo2026\/"},"wordCount":67,"commentCount":0,"publisher":{"@id":"https:\/\/museocr.org\/ninos\/#organization"},"image":{"@id":"https:\/\/museocr.org\/ninos\/comunicadooficial_1mayo2026\/#primaryimage"},"thumbnailUrl":"https:\/\/museocr.org\/ninos\/wp-content\/uploads\/sites\/2\/2026\/04\/PANTALLA-WEB-1-DE-MAYO.png","keywords":["2026","32Aniversario","Aniversario","MuseodelosNi\u00f1os"],"articleSection":["Comunidad","Cultura","Eventos","Noticias del Museo"],"inLanguage":"es","potentialAction":[{"@type":"CommentAction","name":"Comment","target":["https:\/\/museocr.org\/ninos\/comunicadooficial_1mayo2026\/#respond"]}]},{"@type":"WebPage","@id":"https:\/\/museocr.org\/ninos\/comunicadooficial_1mayo2026\/","url":"https:\/\/museocr.org\/ninos\/comunicadooficial_1mayo2026\/","name":"Comunicado Oficial - Museo de los Ni\u00f1os","isPartOf":{"@id":"https:\/\/museocr.org\/ninos\/#website"},"primaryImageOfPage":{"@id":"https:\/\/museocr.org\/ninos\/comunicadooficial_1mayo2026\/#primaryimage"},"image":{"@id":"https:\/\/museocr.org\/ninos\/comunicadooficial_1mayo2026\/#primaryimage"},"thumbnailUrl":"https:\/\/museocr.org\/ninos\/wp-content\/uploads\/sites\/2\/2026\/04\/PANTALLA-WEB-1-DE-MAYO.png","datePublished":"2026-04-29T17:13:29+00:00","dateModified":"2026-04-29T17:16:20+00:00","description":"Contar\u00e1 con m\u00e1s de 12 stands con editoriales, librer\u00edas y proyectos de fomento de lectura, as\u00ed como exposici\u00f3n de ilustraci\u00f3n editorial y el Pabell\u00f3n del C\u00f3mic. Un evento gratuito para toda la familia que promueve la lectura y el arte.","inLanguage":"es","potentialAction":[{"@type":"ReadAction","target":["https:\/\/museocr.org\/ninos\/comunicadooficial_1mayo2026\/"]}]},{"@type":"ImageObject","inLanguage":"es","@id":"https:\/\/museocr.org\/ninos\/comunicadooficial_1mayo2026\/#primaryimage","url":"https:\/\/museocr.org\/ninos\/wp-content\/uploads\/sites\/2\/2026\/04\/PANTALLA-WEB-1-DE-MAYO.png","contentUrl":"https:\/\/museocr.org\/ninos\/wp-content\/uploads\/sites\/2\/2026\/04\/PANTALLA-WEB-1-DE-MAYO.png","width":1920,"height":750},{"@type":"WebSite","@id":"https:\/\/museocr.org\/ninos\/#website","url":"https:\/\/museocr.org\/ninos\/","name":"Museo de los Ni\u00f1os","description":"Instituci\u00f3n Benem\u00e9rita de Costa Rica","publisher":{"@id":"https:\/\/museocr.org\/ninos\/#organization"},"potentialAction":[{"@type":"SearchAction","target":{"@type":"EntryPoint","urlTemplate":"https:\/\/museocr.org\/ninos\/?s={search_term_string}"},"query-input":{"@type":"PropertyValueSpecification","valueRequired":true,"valueName":"search_term_string"}}],"inLanguage":"es"},{"@type":"Organization","@id":"https:\/\/museocr.org\/ninos\/#organization","name":"Museo de los Ni\u00f1os","url":"https:\/\/museocr.org\/ninos\/","logo":{"@type":"ImageObject","inLanguage":"es","@id":"https:\/\/museocr.org\/ninos\/#\/schema\/logo\/image\/","url":"https:\/\/museocr.org\/ninos\/wp-content\/uploads\/sites\/2\/2021\/05\/Menu-Global.svg","contentUrl":"https:\/\/museocr.org\/ninos\/wp-content\/uploads\/sites\/2\/2021\/05\/Menu-Global.svg","width":192,"height":104,"caption":"Museo de los Ni\u00f1os"},"image":{"@id":"https:\/\/museocr.org\/ninos\/#\/schema\/logo\/image\/"},"sameAs":["https:\/\/www.facebook.com\/museodelosninoscr","https:\/\/www.instagram.com\/museodelosninoscr\/"]},{"@type":"Person","@id":"https:\/\/museocr.org\/ninos\/#\/schema\/person\/f7fcda20e3518249fe159f6576243b2a","name":"Juan Miguel S\u00e1nchez","image":{"@type":"ImageObject","inLanguage":"es","@id":"https:\/\/secure.gravatar.com\/avatar\/6eaca8129b1dcb5d2ca52261f45b0c25569a09a545aad59b20843e0db1abc476?s=96&d=mm&r=g","url":"https:\/\/secure.gravatar.com\/avatar\/6eaca8129b1dcb5d2ca52261f45b0c25569a09a545aad59b20843e0db1abc476?s=96&d=mm&r=g","contentUrl":"https:\/\/secure.gravatar.com\/avatar\/6eaca8129b1dcb5d2ca52261f45b0c25569a09a545aad59b20843e0db1abc476?s=96&d=mm&r=g","caption":"Juan Miguel S\u00e1nchez"},"url":"https:\/\/museocr.org\/ninos\/author\/jsanchez\/"}]}},"_links":{"self":[{"href":"https:\/\/museocr.org\/ninos\/wp-json\/wp\/v2\/posts\/5098","targetHints":{"allow":["GET"]}}],"collection":[{"href":"https:\/\/museocr.org\/ninos\/wp-json\/wp\/v2\/posts"}],"about":[{"href":"https:\/\/museocr.org\/ninos\/wp-json\/wp\/v2\/types\/post"}],"author":[{"embeddable":true,"href":"https:\/\/museocr.org\/ninos\/wp-json\/wp\/v2\/users\/9"}],"replies":[{"embeddable":true,"href":"https:\/\/museocr.org\/ninos\/wp-json\/wp\/v2\/comments?post=5098"}],"version-history":[{"count":3,"href":"https:\/\/museocr.org\/ninos\/wp-json\/wp\/v2\/posts\/5098\/revisions"}],"predecessor-version":[{"id":5102,"href":"https:\/\/museocr.org\/ninos\/wp-json\/wp\/v2\/posts\/5098\/revisions\/5102"}],"wp:featuredmedia":[{"embeddable":true,"href":"https:\/\/museocr.org\/ninos\/wp-json\/wp\/v2\/media\/5099"}],"wp:attachment":[{"href":"https:\/\/museocr.org\/ninos\/wp-json\/wp\/v2\/media?parent=5098"}],"wp:term":[{"taxonomy":"category","embeddable":true,"href":"https:\/\/museocr.org\/ninos\/wp-json\/wp\/v2\/categories?post=5098"},{"taxonomy":"post_tag","embeddable":true,"href":"https:\/\/museocr.org\/ninos\/wp-json\/wp\/v2\/tags?post=5098"}],"curies":[{"name":"wp","href":"https:\/\/api.w.org\/{rel}","templated":true}]}}